{"id":265,"date":"2012-04-18T09:54:13","date_gmt":"2012-04-18T07:54:13","guid":{"rendered":"http:\/\/www.jeannette-stein.de\/WP-Schnackenhof\/?p=265"},"modified":"2012-10-28T13:30:26","modified_gmt":"2012-10-28T12:30:26","slug":"hauptversammlung-2012","status":"publish","type":"post","link":"https:\/\/www.schnackenhof.de\/?p=265","title":{"rendered":"Hauptversammlung 2012"},"content":{"rendered":"<h6>Hauptversammlung 18.4.2012<\/h6>\n<h6>Eintreffen ab 14.00 Uhr \/Beginn ab 15.00 Uhr<\/h6>\n<h6>Die Vollversammlung des Schnackenhofs ist einerseits die Jahreshauptversammlung des \u00f6rtlichen Unterst\u00fctzungsvereins, andererseits jedoch auch ein Fest mit Musik, Reden, Essen und kleineren Darbietungen, das sicher bis in die Nacht dauert.<\/h6>\n<h6>Die Mitglieder des Unterst\u00fctzungsvereins (R\u00f6thenbacher Kunstf\u00f6rderverein, e.V.) treffen sich um 15.00 Uhr, um die Regularien abzuarbeiten. Ab 16.30 wird es zu ersten Reden und Darbietungen kommen. Um ca. 18.30 Uhr wird es dann ein Konzert geben. Mitwirkende sind:\u00a0<em>Dimiter Ivanov,<\/em>\u00a0 Violine. (D. Ivanov ist Konzertmeister der Frankfurter Opern- und Mueseeumsorchester.) und\u00a0<em>Elisa Fenner \u2013 Ivanov,\u00a0<\/em>Sopran.<\/h6>\n<h6>Zur Auff\u00fchrung kommen Lieder und Instrumentalwerke von Johannes Brahms und Luis Spohr.\u00a0Am Fl\u00fcgel: Tobias Hartlieb.<\/h6>\n<h6>Weitere Beitr\u00e4ge werden erwartet.\u00a0Interessierte sind jederzeit willkommen!<\/h6>\n","protected":false},"excerpt":{"rendered":"<p>Hauptversammlung 18.4.2012 Eintreffen ab 14.00 Uhr \/Beginn ab 15.00 Uhr Die Vollversammlung des Schnackenhofs ist einerseits die Jahreshauptversammlung des \u00f6rtlichen Unterst\u00fctzungsvereins, andererseits jedoch auch ein Fest mit Musik, Reden, Essen und kleineren Darbietungen, das sicher bis in die Nacht dauert. &hellip; <a href=\"https:\/\/www.schnackenhof.de\/?p=265\">Weiterlesen <span class=\"meta-nav\">&rarr;<\/span><\/a><\/p>\n","protected":false},"author":8,"featured_media":0,"comment_status":"closed","ping_status":"closed","sticky":false,"template":"","format":"standard","meta":{"_cbd_carousel_blocks":"[]","ngg_post_thumbnail":0,"footnotes":""},"categories":[4],"tags":[],"class_list":["post-265","post","type-post","status-publish","format-standard","hentry","category-terminkalender"],"_links":{"self":[{"href":"https:\/\/www.schnackenhof.de\/index.php?rest_route=\/wp\/v2\/posts\/265","targetHints":{"allow":["GET"]}}],"collection":[{"href":"https:\/\/www.schnackenhof.de\/index.php?rest_route=\/wp\/v2\/posts"}],"about":[{"href":"https:\/\/www.schnackenhof.de\/index.php?rest_route=\/wp\/v2\/types\/post"}],"author":[{"embeddable":true,"href":"https:\/\/www.schnackenhof.de\/index.php?rest_route=\/wp\/v2\/users\/8"}],"replies":[{"embeddable":true,"href":"https:\/\/www.schnackenhof.de\/index.php?rest_route=%2Fwp%2Fv2%2Fcomments&post=265"}],"version-history":[{"count":34,"href":"https:\/\/www.schnackenhof.de\/index.php?rest_route=\/wp\/v2\/posts\/265\/revisions"}],"predecessor-version":[{"id":294,"href":"https:\/\/www.schnackenhof.de\/index.php?rest_route=\/wp\/v2\/posts\/265\/revisions\/294"}],"wp:attachment":[{"href":"https:\/\/www.schnackenhof.de\/index.php?rest_route=%2Fwp%2Fv2%2Fmedia&parent=265"}],"wp:term":[{"taxonomy":"category","embeddable":true,"href":"https:\/\/www.schnackenhof.de\/index.php?rest_route=%2Fwp%2Fv2%2Fcategories&post=265"},{"taxonomy":"post_tag","embeddable":true,"href":"https:\/\/www.schnackenhof.de\/index.php?rest_route=%2Fwp%2Fv2%2Ftags&post=265"}],"curies":[{"name":"wp","href":"https:\/\/api.w.org\/{rel}","templated":true}]}}