{"id":279,"date":"2011-12-30T11:55:38","date_gmt":"2011-12-30T10:55:38","guid":{"rendered":"http:\/\/www.jeannette-stein.de\/WP-Schnackenhof\/?p=279"},"modified":"2012-03-03T21:04:56","modified_gmt":"2012-03-03T20:04:56","slug":"doppelprogramm-zur-700-jahr-feier-rothenbachs","status":"publish","type":"post","link":"https:\/\/www.schnackenhof.de\/?p=279","title":{"rendered":"Doppelprogramm zur 700-Jahr-Feier R\u00f6thenbachs Sonntag 15. Mai 2011"},"content":{"rendered":"<h6><span style=\"font-family: Helvetica,Arial,sans-serif;\">Der Schnackenhof f\u00fchrte als Beitrag zur 700-Jahr-Feier R\u00f6thenbachs zusammen mit der S\u00e4ngerin Hanna Eittinger ein Doppelprogramm durch. Gegen 14.30 Uhr fanden wir uns an Hanna Eittingers Wohnort, im \u201eBachmeier-Schl\u00f6sschen\u201c (Schlossgasse 4, R\u00f6thenbach) ein und h\u00f6rten dort ein musikalisches Programm, wie es auch dem Bauherrn des Schl\u00f6sschens, einem N\u00fcrnberger Patrizier des 17.\/18. Jahrhunderts gefallen h\u00e4tte. Angek\u00fcndigt waren alt-italienische Arien von A. Scarlatti, G. Carissimi, Chr. W. Gluck und Lieder des N\u00fcrnberger Komponisten J. Ph. Krieger. Anschlie\u00dfend f\u00fchrte uns der R\u00f6thenbacher Heimatforscher Leonhard Herbst durch Alt-R\u00f6thenbach und stellte dabei die Geschichte des Schnackenhofs vorstellen, denn der Schnackenhof war urspr\u00fcnglich ein Gut, als dessen letzter Rest sozusagen die K\u00fcnstlerhaus-Adresse fungiert. Danach ging\u2019s ins K\u00fcnstlerhaus selber, wo wir in frisch renovierten R\u00e4umen die 30iger Jahre zum Thema machten. Der Kunsthistoriker Harald Tesan und Reinhard Knodt sprachen zu den N\u00fcrnberger Kulturangeboten des 15. Mai 1938 (dem Erstellungsjahr unseres K\u00fcnstlerhauses). Der \u201eIrdische Himmelgarten\u201c bei R\u00f6thenbach kam dabei zur Sprache, und das \u201eIntime Theater\u201c in N\u00fcrnberg \u2026 Der wichtige musikalische Teil wurde von alten und neuen G\u00e4sten des Schnackenhofs gestaltet, darunter die und noch unbekannte S\u00e4ngerin Manuela K\u00f6nig. Zarah Leander und Bert Brecht waren auch anwesend. Es war ein gutes Treffen, und auch Raum f\u00fcr so manchen spontanen Beitrag zu den gegens\u00e4tzlichen Themen \u201e18. Jahrhundert\u201c oder \u201e1938\/39\u201c bzw. \u201eBarock\u201c und \u201eModerne\u201c.Hanna Eittinger bot im Bachmeierschl\u00f6sschen ein Barockkonzert und im Schnackenhof gabt es Chansons, Kabarettsongs und Lieder aus den 30iger Jahren zu h\u00f6ren.<\/span><\/h6>\n","protected":false},"excerpt":{"rendered":"<p>Der Schnackenhof f\u00fchrte als Beitrag zur 700-Jahr-Feier R\u00f6thenbachs zusammen mit der S\u00e4ngerin Hanna Eittinger ein Doppelprogramm durch. Gegen 14.30 Uhr fanden wir uns an Hanna Eittingers Wohnort, im \u201eBachmeier-Schl\u00f6sschen\u201c (Schlossgasse 4, R\u00f6thenbach) ein und h\u00f6rten dort ein musikalisches Programm, wie &hellip; <a href=\"https:\/\/www.schnackenhof.de\/?p=279\">Weiterlesen <span class=\"meta-nav\">&rarr;<\/span><\/a><\/p>\n","protected":false},"author":8,"featured_media":0,"comment_status":"closed","ping_status":"closed","sticky":false,"template":"","format":"standard","meta":{"_cbd_carousel_blocks":"[]","ngg_post_thumbnail":0,"footnotes":""},"categories":[9],"tags":[],"class_list":["post-279","post","type-post","status-publish","format-standard","hentry","category-archiv"],"_links":{"self":[{"href":"https:\/\/www.schnackenhof.de\/index.php?rest_route=\/wp\/v2\/posts\/279","targetHints":{"allow":["GET"]}}],"collection":[{"href":"https:\/\/www.schnackenhof.de\/index.php?rest_route=\/wp\/v2\/posts"}],"about":[{"href":"https:\/\/www.schnackenhof.de\/index.php?rest_route=\/wp\/v2\/types\/post"}],"author":[{"embeddable":true,"href":"https:\/\/www.schnackenhof.de\/index.php?rest_route=\/wp\/v2\/users\/8"}],"replies":[{"embeddable":true,"href":"https:\/\/www.schnackenhof.de\/index.php?rest_route=%2Fwp%2Fv2%2Fcomments&post=279"}],"version-history":[{"count":17,"href":"https:\/\/www.schnackenhof.de\/index.php?rest_route=\/wp\/v2\/posts\/279\/revisions"}],"predecessor-version":[{"id":556,"href":"https:\/\/www.schnackenhof.de\/index.php?rest_route=\/wp\/v2\/posts\/279\/revisions\/556"}],"wp:attachment":[{"href":"https:\/\/www.schnackenhof.de\/index.php?rest_route=%2Fwp%2Fv2%2Fmedia&parent=279"}],"wp:term":[{"taxonomy":"category","embeddable":true,"href":"https:\/\/www.schnackenhof.de\/index.php?rest_route=%2Fwp%2Fv2%2Fcategories&post=279"},{"taxonomy":"post_tag","embeddable":true,"href":"https:\/\/www.schnackenhof.de\/index.php?rest_route=%2Fwp%2Fv2%2Ftags&post=279"}],"curies":[{"name":"wp","href":"https:\/\/api.w.org\/{rel}","templated":true}]}}