{"id":305,"date":"2011-12-30T14:45:33","date_gmt":"2011-12-30T13:45:33","guid":{"rendered":"http:\/\/www.jeannette-stein.de\/WP-Schnackenhof\/?p=305"},"modified":"2015-04-03T15:38:53","modified_gmt":"2015-04-03T13:38:53","slug":"wintersonnwende-21-dezember-2011","status":"publish","type":"post","link":"https:\/\/www.schnackenhof.de\/?p=305","title":{"rendered":"Wintersonnwende 21. Dezember 2011"},"content":{"rendered":"<h6>Am 21. Dezember, 19.00 Uhr, fand zum 16. Mal die Wintersonnenwende des Schnackenhofs statt. Alte Teilnehmer wissen, dass dies das wichtigste Fest im Schnackenhof-Jahr ist, und dass in der \u201eFeuerrede\u201c der Sinn des Schnackenhofs und im \u201eWetterbericht\u201c um Mitternacht die Zukunft des Schnackenhofs erneuert wird. Die kosmische Sonnenwende fand erst sechs Stunden nach Mitternacht statt (6.30 Uhr).<\/h6>\n<h6>Beitr\u00e4ge:<\/h6>\n<h6>1. Ines und Katja Lunkenheimer (N\u00fcrnberg): Edward Grieg \u2013 Norwegische T\u00e4nze op. 35. (Nr. 2 und 1)<\/h6>\n<h6>2. Harald Seubert (Poznan): Kosmopolis: &#8211; Antike Erinnerung f\u00fcr \u00fcbermorgen. Einf\u00fchrung: Reinhard Knodt<\/h6>\n<h6>3. Fr\u00e9d\u00e9ric Bolli (Basel): Sonate in H (vierh\u00e4ndig); Hans Kraus H\u00fcbner: Schwankungen (Klavierst\u00fcck zu vier H\u00e4nden);<\/h6>\n<h6>4. Katharina Heiligtag (Mezzosopran) und Philipp Gaiser (Bariton). Am Fl\u00fcgel: Ines und Katja Lunkenheimer<\/h6>\n<h6>5 .Gustav Campe: Natur als Landschaft und als Leib \u2013 zu Manfred Riedels Freilichtgedanken<\/h6>\n<h6>6. Verleihung der Schnackenhofer Nietzscheplakette &#8222;am Leitfaden des Leibes&#8220; Laudatio &#8211; Feuerrede \u2013 Sonnwendfeuer &#8211; Wetterbericht\u201c. (Preistr\u00e4gerin: Michaela Moritz; Laudatio: Gustav Campe, Goettingen)<\/h6>\n","protected":false},"excerpt":{"rendered":"<p>Am 21. Dezember, 19.00 Uhr, fand zum 16. Mal die Wintersonnenwende des Schnackenhofs statt. Alte Teilnehmer wissen, dass dies das wichtigste Fest im Schnackenhof-Jahr ist, und dass in der \u201eFeuerrede\u201c der Sinn des Schnackenhofs und im \u201eWetterbericht\u201c um Mitternacht die &hellip; <a href=\"https:\/\/www.schnackenhof.de\/?p=305\">Weiterlesen <span class=\"meta-nav\">&rarr;<\/span><\/a><\/p>\n","protected":false},"author":8,"featured_media":0,"comment_status":"closed","ping_status":"closed","sticky":false,"template":"","format":"standard","meta":{"_cbd_carousel_blocks":"[]","ngg_post_thumbnail":0,"footnotes":""},"categories":[9],"tags":[],"class_list":["post-305","post","type-post","status-publish","format-standard","hentry","category-archiv"],"_links":{"self":[{"href":"https:\/\/www.schnackenhof.de\/index.php?rest_route=\/wp\/v2\/posts\/305","targetHints":{"allow":["GET"]}}],"collection":[{"href":"https:\/\/www.schnackenhof.de\/index.php?rest_route=\/wp\/v2\/posts"}],"about":[{"href":"https:\/\/www.schnackenhof.de\/index.php?rest_route=\/wp\/v2\/types\/post"}],"author":[{"embeddable":true,"href":"https:\/\/www.schnackenhof.de\/index.php?rest_route=\/wp\/v2\/users\/8"}],"replies":[{"embeddable":true,"href":"https:\/\/www.schnackenhof.de\/index.php?rest_route=%2Fwp%2Fv2%2Fcomments&post=305"}],"version-history":[{"count":13,"href":"https:\/\/www.schnackenhof.de\/index.php?rest_route=\/wp\/v2\/posts\/305\/revisions"}],"predecessor-version":[{"id":1274,"href":"https:\/\/www.schnackenhof.de\/index.php?rest_route=\/wp\/v2\/posts\/305\/revisions\/1274"}],"wp:attachment":[{"href":"https:\/\/www.schnackenhof.de\/index.php?rest_route=%2Fwp%2Fv2%2Fmedia&parent=305"}],"wp:term":[{"taxonomy":"category","embeddable":true,"href":"https:\/\/www.schnackenhof.de\/index.php?rest_route=%2Fwp%2Fv2%2Fcategories&post=305"},{"taxonomy":"post_tag","embeddable":true,"href":"https:\/\/www.schnackenhof.de\/index.php?rest_route=%2Fwp%2Fv2%2Ftags&post=305"}],"curies":[{"name":"wp","href":"https:\/\/api.w.org\/{rel}","templated":true}]}}