{"id":884,"date":"2013-01-01T17:58:33","date_gmt":"2013-01-01T16:58:33","guid":{"rendered":"http:\/\/www.schnackenhof.de\/?p=884"},"modified":"2019-01-04T18:54:47","modified_gmt":"2019-01-04T17:54:47","slug":"wintersonnwendfeier-2012-21-dez-2012-1900-uhr","status":"publish","type":"post","link":"https:\/\/www.schnackenhof.de\/?p=884","title":{"rendered":"LIEBE BESUCHER"},"content":{"rendered":"\n<p>KOMM UND SIEH !<\/p>\n\n\n\n<figure class=\"wp-block-image is-resized\"><img loading=\"lazy\" decoding=\"async\" src=\"http:\/\/www.schnackenhof.de\/wp-content\/uploads\/2019\/01\/derblindephilosoph-1-768x1024.jpg\" alt=\"\" class=\"wp-image-2595\" width=\"412\" height=\"549\" srcset=\"https:\/\/www.schnackenhof.de\/wp-content\/uploads\/2019\/01\/derblindephilosoph-1-768x1024.jpg 768w, https:\/\/www.schnackenhof.de\/wp-content\/uploads\/2019\/01\/derblindephilosoph-1-225x300.jpg 225w, https:\/\/www.schnackenhof.de\/wp-content\/uploads\/2019\/01\/derblindephilosoph-1.jpg 1200w\" sizes=\"auto, (max-width: 412px) 100vw, 412px\" \/><figcaption>&#8222;Komm und sieh!&#8220;  Bronze auf dem Schnackenhof, Gustav Mayer M\u00fcnchen<\/figcaption><\/figure>\n\n\n<p>&#8222;Komm und sieh!&#8220; lautet eine beliebte Formel, die statt langer Erkl\u00e4rungen darauf hofft, dass einige Einblicke besser zeigen, worum es geht als lange Erl\u00e4uterungen. \u00a0Wer eine umfassende Darlegung der \u00a0Ziele des Schnackenhofs w\u00fcnscht, m\u00f6ge den Button &#8222;Wer wir sind&#8220; anklicken. Herzlich willkommen also.<\/p>\n<h4>\u00a0<\/h4>\n<h4>1. Die Wintersonnenwenden<\/h4>\n<h6>Wir sind ein Philosophiesalon. Unser Begriff der Philosophie geht allerdings weit \u00fcber das Akademische hinaus. Die Wintersonnenwenden sind unser wichtigsten Feste, da der Schnackenhof zur Wintersonnenwende 1995 gegr\u00fcndet wurde. 2012 sah das z. B. so aus:<\/h6>\n<h6>Liebe Freunde, am Freitag, 21. Dezember, ab 19 Uhr findet unsere Wintersonnwende statt. Das Thema ist diesmal der \u201eWeltuntergang\u201d.\u00a0 Da Naive aller Couleur mit der jahreswende allerhand verbinden, wird es n\u00f6tig sein, Aufkl\u00e4rung zu betreiben, uns aber andererseits auch k\u00fcnstlerisch mit dem Datum zu besch\u00e4ftigen. Folgende Zusagen haben wir:\u00a0\u00a0<\/h6>\n<h6>1. Ausstellung: \u201eKalte Bilder\u201c von Gerhard Rie\u00dfbeck\/\u00a02. \u00a0Tobias Hartlieb (Frankfurt) spielt Debussy\u00a04. Gustav v. Campe (Ballenhausen):\u00a0 \u201eKomm! ins Off, mein Freund!\u201c\u00a0 Friedrich H\u00f6lderlin: Der Gang aufs Land.\u00a05.\u00a0<span style=\"font-size: 0.9em;\">Monika Teepe (N\u00fcrnberg) singt: Wolfgang Fortner: Zwei Ges\u00e4nge nach Worten von H\u00f6lderlin (1. Die Parzen 2. Geh unter, sch\u00f6ne Sonne!); Begleitung: Wilhelm Teepe.\u00a0<\/span><\/h6>\n<h6><span style=\"font-size: 0.9em;\">Danach: Thomas H\u00e4ussler (Sparkasse N\u00fcrnberg): Letzte Gesten vor dem Crash (mit der Gruppe: \u201ezwei rote Engel\u201c (\u00dcbergabe einer Spende)) Danach Buffet<\/span><span style=\"font-size: 0.9em;\">\u00a0<\/span><\/h6>\n<h6><span style=\"font-size: 0.9em;\">anschlie\u00dfend: \u00a0Reinhard Knodt: Fimbulwinter und Armageddon \u2013 Germanische und Griechische Weltuntergangsvorstellungen<\/span>\u00a0Martin Oswald (Weingarts): &#8222;Abrissbirne oder: Vom Ende der Architektur&#8220; \/\/\u00a0<\/h6>\n<h6>Abschluss: Tobias Hartlieb: Alexander Skrjabin: Flammes sombres Op. 73,2 \/\/\u00a0<\/h6>\n<h6>Gegen 23.00 Uhr: Feuer<\/h6>\n<p>\u00a0<\/p>\n\n\n<p><\/p>\n\n\n\n<p><br><\/p>\n","protected":false},"excerpt":{"rendered":"<p>KOMM UND SIEH ! &#8222;Komm und sieh!&#8220; lautet eine beliebte Formel, die statt langer Erkl\u00e4rungen darauf hofft, dass einige Einblicke besser zeigen, worum es geht als lange Erl\u00e4uterungen. \u00a0Wer eine umfassende Darlegung der \u00a0Ziele des Schnackenhofs w\u00fcnscht, m\u00f6ge den Button &hellip; <a href=\"https:\/\/www.schnackenhof.de\/?p=884\">Weiterlesen <span class=\"meta-nav\">&rarr;<\/span><\/a><\/p>\n","protected":false},"author":8,"featured_media":0,"comment_status":"closed","ping_status":"closed","sticky":false,"template":"","format":"standard","meta":{"_cbd_carousel_blocks":"[]","ngg_post_thumbnail":0,"footnotes":""},"categories":[9],"tags":[],"class_list":["post-884","post","type-post","status-publish","format-standard","hentry","category-archiv"],"_links":{"self":[{"href":"https:\/\/www.schnackenhof.de\/index.php?rest_route=\/wp\/v2\/posts\/884","targetHints":{"allow":["GET"]}}],"collection":[{"href":"https:\/\/www.schnackenhof.de\/index.php?rest_route=\/wp\/v2\/posts"}],"about":[{"href":"https:\/\/www.schnackenhof.de\/index.php?rest_route=\/wp\/v2\/types\/post"}],"author":[{"embeddable":true,"href":"https:\/\/www.schnackenhof.de\/index.php?rest_route=\/wp\/v2\/users\/8"}],"replies":[{"embeddable":true,"href":"https:\/\/www.schnackenhof.de\/index.php?rest_route=%2Fwp%2Fv2%2Fcomments&post=884"}],"version-history":[{"count":15,"href":"https:\/\/www.schnackenhof.de\/index.php?rest_route=\/wp\/v2\/posts\/884\/revisions"}],"predecessor-version":[{"id":2601,"href":"https:\/\/www.schnackenhof.de\/index.php?rest_route=\/wp\/v2\/posts\/884\/revisions\/2601"}],"wp:attachment":[{"href":"https:\/\/www.schnackenhof.de\/index.php?rest_route=%2Fwp%2Fv2%2Fmedia&parent=884"}],"wp:term":[{"taxonomy":"category","embeddable":true,"href":"https:\/\/www.schnackenhof.de\/index.php?rest_route=%2Fwp%2Fv2%2Fcategories&post=884"},{"taxonomy":"post_tag","embeddable":true,"href":"https:\/\/www.schnackenhof.de\/index.php?rest_route=%2Fwp%2Fv2%2Ftags&post=884"}],"curies":[{"name":"wp","href":"https:\/\/api.w.org\/{rel}","templated":true}]}}